{"id":2682,"date":"2026-08-28T14:12:36","date_gmt":"2026-08-28T17:12:36","guid":{"rendered":"https:\/\/thatyvidal.com.br\/home\/?p=2682"},"modified":"2026-08-28T14:12:36","modified_gmt":"2026-08-28T17:12:36","slug":"um-novo-capitulo","status":"publish","type":"post","link":"https:\/\/thatyvidal.com.br\/home\/2026\/08\/28\/um-novo-capitulo\/","title":{"rendered":"Um novo cap\u00edtulo"},"content":{"rendered":"<p><strong><span style=\"font-size: 16px;\">Um novo cap\u00edtulo<\/span><\/strong><\/p>\n<p><span style=\"font-size: 14px;\">Eu dei um tempo.<\/span><\/p>\n<p><span style=\"font-size: 14px;\">Hoje n\u00e3o treino mais cavalos profissionalmente, n\u00e3o dou mais aulas e n\u00e3o estou competindo. Estou simplesmente montando por prazer, aproveitando meus cavalos, ajudando minhas filhas com os delas e, pela primeira vez em muitos anos, permitindo-me apenas ser propriet\u00e1ria de cavalos e aproveitar tudo aquilo que eles trazem para a minha vida e para a minha fam\u00edlia.<\/span><\/p>\n<p><span style=\"font-size: 14px;\"><!--more--><\/span><\/p>\n<p><span style=\"font-size: 14px;\">Foram muitos anos vivendo intensamente essa ind\u00fastria. Muito trabalho, muitas horas, viagens entre pa\u00edses, competi\u00e7\u00f5es, treinamentos e, principalmente, muitos cavalos que passaram pela minha vida. Cavalos com problemas, desafios e hist\u00f3rias diferentes \u2014 e que me ensinaram tanto quanto eu espero ter ensinado a eles.<\/span><\/p>\n<p><span style=\"font-size: 14px;\">Eu dei muito de mim ao esporte e aos cavalos.<\/span><\/p>\n<p><span style=\"font-size: 14px;\">At\u00e9 que chega um momento em que voc\u00ea percebe que precisa respirar.<\/span><\/p>\n<figure id=\"attachment_2683\" aria-describedby=\"caption-attachment-2683\" style=\"width: 300px\" class=\"wp-caption alignright\"><a href=\"https:\/\/thatyvidal.com.br\/home\/wp-content\/uploads\/2026\/08\/Thaty-e-Nico.jpeg\"><img fetchpriority=\"high\" decoding=\"async\" class=\"size-medium wp-image-2683\" src=\"https:\/\/thatyvidal.com.br\/home\/wp-content\/uploads\/2026\/08\/Thaty-e-Nico-300x200.jpeg\" alt=\"Thaty Vidal e Nico\" width=\"300\" height=\"200\" srcset=\"https:\/\/thatyvidal.com.br\/home\/wp-content\/uploads\/2026\/08\/Thaty-e-Nico-300x200.jpeg 300w, https:\/\/thatyvidal.com.br\/home\/wp-content\/uploads\/2026\/08\/Thaty-e-Nico-1024x683.jpeg 1024w, https:\/\/thatyvidal.com.br\/home\/wp-content\/uploads\/2026\/08\/Thaty-e-Nico-768x512.jpeg 768w, https:\/\/thatyvidal.com.br\/home\/wp-content\/uploads\/2026\/08\/Thaty-e-Nico-1536x1024.jpeg 1536w, https:\/\/thatyvidal.com.br\/home\/wp-content\/uploads\/2026\/08\/Thaty-e-Nico-269x179.jpeg 269w, https:\/\/thatyvidal.com.br\/home\/wp-content\/uploads\/2026\/08\/Thaty-e-Nico.jpeg 1600w\" sizes=\"(max-width: 300px) 100vw, 300px\" \/><\/a><figcaption id=\"caption-attachment-2683\" class=\"wp-caption-text\">Thaty Vidal e Nico<\/figcaption><\/figure>\n<p><span style=\"font-size: 14px;\">Treinar cavalos e competir em alto n\u00edvel exige muito do corpo, da mente e da fam\u00edlia. \u00c9 sempre mais um cavalo para montar, mais uma aula, mais uma competi\u00e7\u00e3o, mais uma viagem, mais uma meta. E, em algum momento, percebi que estava perdendo coisas importantes da minha pr\u00f3pria vida.<\/span><\/p>\n<p><span style=\"font-size: 14px;\">Eu estava perdendo tempo com a minha fam\u00edlia. Estava perdendo momentos que n\u00e3o voltam.<\/span><\/p>\n<p><span style=\"font-size: 14px;\">Ent\u00e3o, eu decidi mudar.<\/span><\/p>\n<p><span style=\"font-size: 14px;\">Isso n\u00e3o significa que nunca mais vou competir. Talvez um dia eu sinta novamente aquela vontade de entrar na pista, e talvez eu volte. Mas, por enquanto, estou simplesmente aproveitando ser uma pessoa normal: trabalhando, montando por prazer, acompanhando minhas filhas, aproveitando meus cavalos e vivendo a vida sem a obriga\u00e7\u00e3o de transformar cada cavalgada em treinamento, cada treinamento em resultado e cada resultado em uma nova meta.<\/span><\/p>\n<p><span style=\"font-size: 14px;\">Mas me afastar completamente do mundo dos cavalos nunca foi uma possibilidade.<\/span><\/p>\n<p><span style=\"font-size: 14px;\">Os cavalos fazem parte de quem eu sou. Depois de tantos anos, seria imposs\u00edvel simplesmente me desconectar.<\/span><\/p>\n<p><span style=\"font-size: 14px;\">E foi justamente por isso que esse novo cap\u00edtulo chegou de uma maneira t\u00e3o especial.<\/span><\/p>\n<p><span style=\"font-size: 14px;\">Hoje sou West Coast Manager da Devoucoux nos Estados Unidos e no Canad\u00e1, a minha marca de selas preferida. Sempre fui apaixonada pela marca, pelos produtos e, principalmente, pelo impacto que uma sela realmente bem constru\u00edda pode ter na rela\u00e7\u00e3o entre cavalo e cavaleiro.<\/span><\/p>\n<p><span style=\"font-size: 14px;\">Agora tenho a oportunidade de continuar dentro do universo que amo, mas de uma maneira diferente: ajudando cavalos e cavaleiros a encontrarem um produto de alt\u00edssima qualidade, que pode fazer uma diferen\u00e7a enorme no conforto, no treinamento, na performance e, principalmente, no bem-estar do conjunto.<\/span><\/p>\n<p><span style=\"font-size: 14px;\">Continuo no mundo do cavalo \u2014 apenas de uma forma diferente.<\/span><\/p>\n<p><span style=\"font-size: 14px;\">No Brasil, o Thaty Aulas tamb\u00e9m continua firme e forte. Nossa escola segue crescendo e indo muito bem por meio da parceria com o Haras Funchal, uma parceria que amamos e pela qual sou extremamente grata. Essa parte da minha hist\u00f3ria continua viva, crescendo e fazendo aquilo que sempre quisemos: ajudar pessoas e cavalos atrav\u00e9s do esporte.<\/span><\/p>\n<p><span style=\"font-size: 14px;\">Ent\u00e3o, sim, essa \u00e9 uma mudan\u00e7a grande.<\/span><\/p>\n<p><span style=\"font-size: 14px;\">Talvez inesperada para algumas pessoas que me acompanharam durante tantos anos.<\/span><\/p>\n<p><span style=\"font-size: 14px;\">Mas a vida \u00e9 feita de mudan\u00e7as. E, \u00e0s vezes, precisamos ter coragem para reconhecer quando uma mudan\u00e7a n\u00e3o \u00e9 apenas uma escolha, mas uma necessidade.<\/span><\/p>\n<p><span style=\"font-size: 14px;\">Eu precisava de um pouco de espa\u00e7o. Precisava respirar. Precisava recuperar tempo para mim e para a minha fam\u00edlia.<\/span><\/p>\n<p><span style=\"font-size: 14px;\">E hoje estou descobrindo uma forma diferente de viver os cavalos.<\/span><\/p>\n<p><span style=\"font-size: 14px;\">Com menos press\u00e3o.<\/span><br \/>\n<span style=\"font-size: 14px;\">Com mais fam\u00edlia.<\/span><br \/>\n<span style=\"font-size: 14px;\">Com mais prazer.<\/span><br \/>\n<span style=\"font-size: 14px;\">E com a mesma paix\u00e3o de sempre.<\/span><\/p>\n<p><span style=\"font-size: 14px;\">Talvez eu volte a competir um dia. Talvez n\u00e3o.<\/span><\/p>\n<p><span style=\"font-size: 14px;\">Por enquanto, estou feliz sendo quem sou hoje: uma mulher, m\u00e3e, propriet\u00e1ria de cavalos, profissional e apaixonada por esse universo que fez parte de praticamente toda a minha vida.<\/span><\/p>\n<p><span style=\"font-size: 14px;\">E, de uma maneira diferente, ainda estou exatamente onde quero estar.<\/span><\/p>\n<p><span style=\"font-size: 14px;\">No mundo dos cavalos.<\/span><\/p>\n","protected":false},"excerpt":{"rendered":"<p>Estou simplesmente montando por prazer, aproveitando meus cavalos, ajudando minhas filhas com os delas e, pela primeira vez em muitos anos, permitindo-me apenas ser propriet\u00e1ria de cavalos e aproveitar tudo aquilo que eles trazem para a minha vida e para a minha fam\u00edlia.<\/p>\n","protected":false},"author":5,"featured_media":2683,"comment_status":"closed","ping_status":"closed","sticky":false,"template":"","format":"standard","meta":{"footnotes":""},"categories":[24,12],"tags":[67,74,89],"class_list":["post-2682","post","type-post","status-publish","format-standard","has-post-thumbnail","hentry","category-curiosidades","category-quem-eu-sou","tag-aposentar","tag-saude","tag-vida"],"gutentor_comment":0,"yoast_head":"<!-- This site is optimized with the Yoast SEO plugin v28.4 - https:\/\/yoast.com\/product\/yoast-seo-wordpress\/ -->\n<title>Um novo cap\u00edtulo - Thaty Vidal<\/title>\n<meta name=\"description\" content=\"Estou simplesmente montando por prazer, aproveitando meus cavalos, ajudando minhas filhas com os delas e, pela primeira vez em muitos anos, permitindo-me apenas ser propriet\u00e1ria de cavalos e aproveitar tudo aquilo que eles trazem para a minha vida e para a minha fam\u00edlia.\" \/>\n<meta name=\"robots\" content=\"index, follow, max-snippet:-1, max-image-preview:large, max-video-preview:-1\" \/>\n<link rel=\"canonical\" href=\"https:\/\/thatyvidal.com.br\/home\/2026\/08\/28\/um-novo-capitulo\/\" \/>\n<meta property=\"og:locale\" content=\"pt_BR\" \/>\n<meta property=\"og:type\" content=\"article\" \/>\n<meta property=\"og:title\" content=\"Um novo cap\u00edtulo - Thaty Vidal\" \/>\n<meta property=\"og:description\" content=\"Estou simplesmente montando por prazer, aproveitando meus cavalos, ajudando minhas filhas com os delas e, pela primeira vez em muitos anos, permitindo-me apenas ser propriet\u00e1ria de cavalos e aproveitar tudo aquilo que eles trazem para a minha vida e para a minha fam\u00edlia.\" \/>\n<meta property=\"og:url\" content=\"https:\/\/thatyvidal.com.br\/home\/2026\/08\/28\/um-novo-capitulo\/\" \/>\n<meta property=\"og:site_name\" content=\"Thaty Vidal\" \/>\n<meta property=\"article:published_time\" content=\"2026-08-28T17:12:36+00:00\" \/>\n<meta property=\"og:image\" content=\"https:\/\/thatyvidal.com.br\/home\/wp-content\/uploads\/2026\/08\/Thaty-e-Nico.jpeg\" \/>\n\t<meta property=\"og:image:width\" content=\"1600\" \/>\n\t<meta property=\"og:image:height\" content=\"1067\" \/>\n\t<meta property=\"og:image:type\" content=\"image\/jpeg\" \/>\n<meta name=\"author\" content=\"Marco Vidal\" \/>\n<meta name=\"twitter:card\" content=\"summary_large_image\" \/>\n<meta name=\"twitter:label1\" content=\"Escrito por\" \/>\n\t<meta name=\"twitter:data1\" content=\"Marco Vidal\" \/>\n\t<meta name=\"twitter:label2\" content=\"Est. tempo de leitura\" \/>\n\t<meta name=\"twitter:data2\" content=\"4 minutos\" \/>\n<script type=\"application\/ld+json\" class=\"yoast-schema-graph\">{\"@context\":\"https:\\\/\\\/schema.org\",\"@graph\":[{\"@type\":\"Article\",\"@id\":\"https:\\\/\\\/thatyvidal.com.br\\\/home\\\/2026\\\/08\\\/28\\\/um-novo-capitulo\\\/#article\",\"isPartOf\":{\"@id\":\"https:\\\/\\\/thatyvidal.com.br\\\/home\\\/2026\\\/08\\\/28\\\/um-novo-capitulo\\\/\"},\"author\":{\"name\":\"Marco Vidal\",\"@id\":\"http:\\\/\\\/thatyvidal.com.br\\\/home\\\/#\\\/schema\\\/person\\\/0de53e3950db103fb78164014869856f\"},\"headline\":\"Um novo cap\u00edtulo\",\"datePublished\":\"2026-08-28T17:12:36+00:00\",\"mainEntityOfPage\":{\"@id\":\"https:\\\/\\\/thatyvidal.com.br\\\/home\\\/2026\\\/08\\\/28\\\/um-novo-capitulo\\\/\"},\"wordCount\":661,\"publisher\":{\"@id\":\"http:\\\/\\\/thatyvidal.com.br\\\/home\\\/#\\\/schema\\\/person\\\/440e52fe81a2b6faf6e99b8ac894f740\"},\"image\":{\"@id\":\"https:\\\/\\\/thatyvidal.com.br\\\/home\\\/2026\\\/08\\\/28\\\/um-novo-capitulo\\\/#primaryimage\"},\"thumbnailUrl\":\"https:\\\/\\\/thatyvidal.com.br\\\/home\\\/wp-content\\\/uploads\\\/2026\\\/08\\\/Thaty-e-Nico.jpeg\",\"keywords\":[\"aposentar\",\"sa\u00fade\",\"vida\"],\"articleSection\":[\"Curiosidades\",\"Quem eu sou\"],\"inLanguage\":\"pt-BR\"},{\"@type\":\"WebPage\",\"@id\":\"https:\\\/\\\/thatyvidal.com.br\\\/home\\\/2026\\\/08\\\/28\\\/um-novo-capitulo\\\/\",\"url\":\"https:\\\/\\\/thatyvidal.com.br\\\/home\\\/2026\\\/08\\\/28\\\/um-novo-capitulo\\\/\",\"name\":\"Um novo cap\u00edtulo - Thaty Vidal\",\"isPartOf\":{\"@id\":\"http:\\\/\\\/thatyvidal.com.br\\\/home\\\/#website\"},\"primaryImageOfPage\":{\"@id\":\"https:\\\/\\\/thatyvidal.com.br\\\/home\\\/2026\\\/08\\\/28\\\/um-novo-capitulo\\\/#primaryimage\"},\"image\":{\"@id\":\"https:\\\/\\\/thatyvidal.com.br\\\/home\\\/2026\\\/08\\\/28\\\/um-novo-capitulo\\\/#primaryimage\"},\"thumbnailUrl\":\"https:\\\/\\\/thatyvidal.com.br\\\/home\\\/wp-content\\\/uploads\\\/2026\\\/08\\\/Thaty-e-Nico.jpeg\",\"datePublished\":\"2026-08-28T17:12:36+00:00\",\"description\":\"Estou simplesmente montando por prazer, aproveitando meus cavalos, ajudando minhas filhas com os delas e, pela primeira vez em muitos anos, permitindo-me apenas ser propriet\u00e1ria de cavalos e aproveitar tudo aquilo que eles trazem para a minha vida e para a minha fam\u00edlia.\",\"breadcrumb\":{\"@id\":\"https:\\\/\\\/thatyvidal.com.br\\\/home\\\/2026\\\/08\\\/28\\\/um-novo-capitulo\\\/#breadcrumb\"},\"inLanguage\":\"pt-BR\",\"potentialAction\":[{\"@type\":\"ReadAction\",\"target\":[\"https:\\\/\\\/thatyvidal.com.br\\\/home\\\/2026\\\/08\\\/28\\\/um-novo-capitulo\\\/\"]}]},{\"@type\":\"ImageObject\",\"inLanguage\":\"pt-BR\",\"@id\":\"https:\\\/\\\/thatyvidal.com.br\\\/home\\\/2026\\\/08\\\/28\\\/um-novo-capitulo\\\/#primaryimage\",\"url\":\"https:\\\/\\\/thatyvidal.com.br\\\/home\\\/wp-content\\\/uploads\\\/2026\\\/08\\\/Thaty-e-Nico.jpeg\",\"contentUrl\":\"https:\\\/\\\/thatyvidal.com.br\\\/home\\\/wp-content\\\/uploads\\\/2026\\\/08\\\/Thaty-e-Nico.jpeg\",\"width\":1600,\"height\":1067,\"caption\":\"Thaty Vidal e Nico\"},{\"@type\":\"BreadcrumbList\",\"@id\":\"https:\\\/\\\/thatyvidal.com.br\\\/home\\\/2026\\\/08\\\/28\\\/um-novo-capitulo\\\/#breadcrumb\",\"itemListElement\":[{\"@type\":\"ListItem\",\"position\":1,\"name\":\"In\u00edcio\",\"item\":\"http:\\\/\\\/thatyvidal.com.br\\\/home\\\/\"},{\"@type\":\"ListItem\",\"position\":2,\"name\":\"Um novo cap\u00edtulo\"}]},{\"@type\":\"WebSite\",\"@id\":\"http:\\\/\\\/thatyvidal.com.br\\\/home\\\/#website\",\"url\":\"http:\\\/\\\/thatyvidal.com.br\\\/home\\\/\",\"name\":\"Thaty Vidal\",\"description\":\"Meu mundo no cavalo\",\"publisher\":{\"@id\":\"http:\\\/\\\/thatyvidal.com.br\\\/home\\\/#\\\/schema\\\/person\\\/440e52fe81a2b6faf6e99b8ac894f740\"},\"potentialAction\":[{\"@type\":\"SearchAction\",\"target\":{\"@type\":\"EntryPoint\",\"urlTemplate\":\"http:\\\/\\\/thatyvidal.com.br\\\/home\\\/?s={search_term_string}\"},\"query-input\":{\"@type\":\"PropertyValueSpecification\",\"valueRequired\":true,\"valueName\":\"search_term_string\"}}],\"inLanguage\":\"pt-BR\"},{\"@type\":[\"Person\",\"Organization\"],\"@id\":\"http:\\\/\\\/thatyvidal.com.br\\\/home\\\/#\\\/schema\\\/person\\\/440e52fe81a2b6faf6e99b8ac894f740\",\"name\":\"Thaty Vidal\",\"image\":{\"@type\":\"ImageObject\",\"inLanguage\":\"pt-BR\",\"@id\":\"http:\\\/\\\/thatyvidal.com.br\\\/home\\\/wp-content\\\/uploads\\\/2019\\\/10\\\/thatyicone-2.png\",\"url\":\"http:\\\/\\\/thatyvidal.com.br\\\/home\\\/wp-content\\\/uploads\\\/2019\\\/10\\\/thatyicone-2.png\",\"contentUrl\":\"http:\\\/\\\/thatyvidal.com.br\\\/home\\\/wp-content\\\/uploads\\\/2019\\\/10\\\/thatyicone-2.png\",\"width\":512,\"height\":512,\"caption\":\"Thaty Vidal\"},\"logo\":{\"@id\":\"http:\\\/\\\/thatyvidal.com.br\\\/home\\\/wp-content\\\/uploads\\\/2019\\\/10\\\/thatyicone-2.png\"}},{\"@type\":\"Person\",\"@id\":\"http:\\\/\\\/thatyvidal.com.br\\\/home\\\/#\\\/schema\\\/person\\\/0de53e3950db103fb78164014869856f\",\"name\":\"Marco Vidal\",\"url\":\"https:\\\/\\\/thatyvidal.com.br\\\/home\\\/author\\\/vergano\\\/\"}]}<\/script>\n<!-- \/ Yoast SEO plugin. -->","yoast_head_json":{"title":"Um novo cap\u00edtulo - Thaty Vidal","description":"Estou simplesmente montando por prazer, aproveitando meus cavalos, ajudando minhas filhas com os delas e, pela primeira vez em muitos anos, permitindo-me apenas ser propriet\u00e1ria de cavalos e aproveitar tudo aquilo que eles trazem para a minha vida e para a minha fam\u00edlia.","robots":{"index":"index","follow":"follow","max-snippet":"max-snippet:-1","max-image-preview":"max-image-preview:large","max-video-preview":"max-video-preview:-1"},"canonical":"https:\/\/thatyvidal.com.br\/home\/2026\/08\/28\/um-novo-capitulo\/","og_locale":"pt_BR","og_type":"article","og_title":"Um novo cap\u00edtulo - Thaty Vidal","og_description":"Estou simplesmente montando por prazer, aproveitando meus cavalos, ajudando minhas filhas com os delas e, pela primeira vez em muitos anos, permitindo-me apenas ser propriet\u00e1ria de cavalos e aproveitar tudo aquilo que eles trazem para a minha vida e para a minha fam\u00edlia.","og_url":"https:\/\/thatyvidal.com.br\/home\/2026\/08\/28\/um-novo-capitulo\/","og_site_name":"Thaty Vidal","article_published_time":"2026-08-28T17:12:36+00:00","og_image":[{"width":1600,"height":1067,"url":"https:\/\/thatyvidal.com.br\/home\/wp-content\/uploads\/2026\/08\/Thaty-e-Nico.jpeg","type":"image\/jpeg"}],"author":"Marco Vidal","twitter_card":"summary_large_image","twitter_misc":{"Escrito por":"Marco Vidal","Est. tempo de leitura":"4 minutos"},"schema":{"@context":"https:\/\/schema.org","@graph":[{"@type":"Article","@id":"https:\/\/thatyvidal.com.br\/home\/2026\/08\/28\/um-novo-capitulo\/#article","isPartOf":{"@id":"https:\/\/thatyvidal.com.br\/home\/2026\/08\/28\/um-novo-capitulo\/"},"author":{"name":"Marco Vidal","@id":"http:\/\/thatyvidal.com.br\/home\/#\/schema\/person\/0de53e3950db103fb78164014869856f"},"headline":"Um novo cap\u00edtulo","datePublished":"2026-08-28T17:12:36+00:00","mainEntityOfPage":{"@id":"https:\/\/thatyvidal.com.br\/home\/2026\/08\/28\/um-novo-capitulo\/"},"wordCount":661,"publisher":{"@id":"http:\/\/thatyvidal.com.br\/home\/#\/schema\/person\/440e52fe81a2b6faf6e99b8ac894f740"},"image":{"@id":"https:\/\/thatyvidal.com.br\/home\/2026\/08\/28\/um-novo-capitulo\/#primaryimage"},"thumbnailUrl":"https:\/\/thatyvidal.com.br\/home\/wp-content\/uploads\/2026\/08\/Thaty-e-Nico.jpeg","keywords":["aposentar","sa\u00fade","vida"],"articleSection":["Curiosidades","Quem eu sou"],"inLanguage":"pt-BR"},{"@type":"WebPage","@id":"https:\/\/thatyvidal.com.br\/home\/2026\/08\/28\/um-novo-capitulo\/","url":"https:\/\/thatyvidal.com.br\/home\/2026\/08\/28\/um-novo-capitulo\/","name":"Um novo cap\u00edtulo - Thaty Vidal","isPartOf":{"@id":"http:\/\/thatyvidal.com.br\/home\/#website"},"primaryImageOfPage":{"@id":"https:\/\/thatyvidal.com.br\/home\/2026\/08\/28\/um-novo-capitulo\/#primaryimage"},"image":{"@id":"https:\/\/thatyvidal.com.br\/home\/2026\/08\/28\/um-novo-capitulo\/#primaryimage"},"thumbnailUrl":"https:\/\/thatyvidal.com.br\/home\/wp-content\/uploads\/2026\/08\/Thaty-e-Nico.jpeg","datePublished":"2026-08-28T17:12:36+00:00","description":"Estou simplesmente montando por prazer, aproveitando meus cavalos, ajudando minhas filhas com os delas e, pela primeira vez em muitos anos, permitindo-me apenas ser propriet\u00e1ria de cavalos e aproveitar tudo aquilo que eles trazem para a minha vida e para a minha fam\u00edlia.","breadcrumb":{"@id":"https:\/\/thatyvidal.com.br\/home\/2026\/08\/28\/um-novo-capitulo\/#breadcrumb"},"inLanguage":"pt-BR","potentialAction":[{"@type":"ReadAction","target":["https:\/\/thatyvidal.com.br\/home\/2026\/08\/28\/um-novo-capitulo\/"]}]},{"@type":"ImageObject","inLanguage":"pt-BR","@id":"https:\/\/thatyvidal.com.br\/home\/2026\/08\/28\/um-novo-capitulo\/#primaryimage","url":"https:\/\/thatyvidal.com.br\/home\/wp-content\/uploads\/2026\/08\/Thaty-e-Nico.jpeg","contentUrl":"https:\/\/thatyvidal.com.br\/home\/wp-content\/uploads\/2026\/08\/Thaty-e-Nico.jpeg","width":1600,"height":1067,"caption":"Thaty Vidal e Nico"},{"@type":"BreadcrumbList","@id":"https:\/\/thatyvidal.com.br\/home\/2026\/08\/28\/um-novo-capitulo\/#breadcrumb","itemListElement":[{"@type":"ListItem","position":1,"name":"In\u00edcio","item":"http:\/\/thatyvidal.com.br\/home\/"},{"@type":"ListItem","position":2,"name":"Um novo cap\u00edtulo"}]},{"@type":"WebSite","@id":"http:\/\/thatyvidal.com.br\/home\/#website","url":"http:\/\/thatyvidal.com.br\/home\/","name":"Thaty Vidal","description":"Meu mundo no cavalo","publisher":{"@id":"http:\/\/thatyvidal.com.br\/home\/#\/schema\/person\/440e52fe81a2b6faf6e99b8ac894f740"},"potentialAction":[{"@type":"SearchAction","target":{"@type":"EntryPoint","urlTemplate":"http:\/\/thatyvidal.com.br\/home\/?s={search_term_string}"},"query-input":{"@type":"PropertyValueSpecification","valueRequired":true,"valueName":"search_term_string"}}],"inLanguage":"pt-BR"},{"@type":["Person","Organization"],"@id":"http:\/\/thatyvidal.com.br\/home\/#\/schema\/person\/440e52fe81a2b6faf6e99b8ac894f740","name":"Thaty Vidal","image":{"@type":"ImageObject","inLanguage":"pt-BR","@id":"http:\/\/thatyvidal.com.br\/home\/wp-content\/uploads\/2019\/10\/thatyicone-2.png","url":"http:\/\/thatyvidal.com.br\/home\/wp-content\/uploads\/2019\/10\/thatyicone-2.png","contentUrl":"http:\/\/thatyvidal.com.br\/home\/wp-content\/uploads\/2019\/10\/thatyicone-2.png","width":512,"height":512,"caption":"Thaty Vidal"},"logo":{"@id":"http:\/\/thatyvidal.com.br\/home\/wp-content\/uploads\/2019\/10\/thatyicone-2.png"}},{"@type":"Person","@id":"http:\/\/thatyvidal.com.br\/home\/#\/schema\/person\/0de53e3950db103fb78164014869856f","name":"Marco Vidal","url":"https:\/\/thatyvidal.com.br\/home\/author\/vergano\/"}]}},"amp_enabled":true,"_links":{"self":[{"href":"https:\/\/thatyvidal.com.br\/home\/wp-json\/wp\/v2\/posts\/2682","targetHints":{"allow":["GET"]}}],"collection":[{"href":"https:\/\/thatyvidal.com.br\/home\/wp-json\/wp\/v2\/posts"}],"about":[{"href":"https:\/\/thatyvidal.com.br\/home\/wp-json\/wp\/v2\/types\/post"}],"author":[{"embeddable":true,"href":"https:\/\/thatyvidal.com.br\/home\/wp-json\/wp\/v2\/users\/5"}],"replies":[{"embeddable":true,"href":"https:\/\/thatyvidal.com.br\/home\/wp-json\/wp\/v2\/comments?post=2682"}],"version-history":[{"count":3,"href":"https:\/\/thatyvidal.com.br\/home\/wp-json\/wp\/v2\/posts\/2682\/revisions"}],"predecessor-version":[{"id":2686,"href":"https:\/\/thatyvidal.com.br\/home\/wp-json\/wp\/v2\/posts\/2682\/revisions\/2686"}],"wp:featuredmedia":[{"embeddable":true,"href":"https:\/\/thatyvidal.com.br\/home\/wp-json\/wp\/v2\/media\/2683"}],"wp:attachment":[{"href":"https:\/\/thatyvidal.com.br\/home\/wp-json\/wp\/v2\/media?parent=2682"}],"wp:term":[{"taxonomy":"category","embeddable":true,"href":"https:\/\/thatyvidal.com.br\/home\/wp-json\/wp\/v2\/categories?post=2682"},{"taxonomy":"post_tag","embeddable":true,"href":"https:\/\/thatyvidal.com.br\/home\/wp-json\/wp\/v2\/tags?post=2682"}],"curies":[{"name":"wp","href":"https:\/\/api.w.org\/{rel}","templated":true}]}}